{"id":30597,"date":"2023-05-19T00:01:23","date_gmt":"2023-05-18T22:01:23","guid":{"rendered":"https:\/\/os-dragatus.splet.arnes.si\/?p=30597"},"modified":"2023-05-19T00:02:23","modified_gmt":"2023-05-18T22:02:23","slug":"izlet-v-munchen-2","status":"publish","type":"post","link":"https:\/\/www.os-dragatus.si\/?p=30597","title":{"rendered":"Izlet v M\u00fcnchen"},"content":{"rendered":"<p>Na izlet v Nem\u010dijo smo se odpravili v torek, 25. 4. 2023. Pred \u0161olo smo se zbrali ob 3.00 zjutraj in se odpravili na dolgo pot. Do cilja smo imeli 3 postanke. Potovali smo 9 ur.<\/p>\n<p>V Nem\u010dijo smo prispeli ob 13.00 popoldne.<\/p>\n<p>Najprej smo si ogledali Tehni\u0161ki muzej Deutches Museum, ki je najve\u010dji na svetu na podro\u010dju znanosti in tehnologije. Po ogledu muzej, smo se odpravili v Allianz areno (nogometno igri\u0161\u010de). Tam smo si ogledali tribune, \u0161li smo tudi na igri\u0161\u010de in se v\u017eiveli v vlogo navija\u010dev. Vodi\u010d nas je vodil tudi do konferen\u010dne sobe in nato v garderobe. V garderobah smo videli njihove drese in se jih imeli mo\u017enost dotakniti.<\/p>\n<p>Ob 19.00 zve\u010der smo pri\u0161li v hotel in se namestili v sobe. \u0160li smo na ve\u010derjo, ki je bila v restavraciji v hotelu. Pred spanjem smo imeli \u0161e nekaj prostega \u010dasa, ki smo ga pre\u017eiveli s svojimi vrstniki. Ob 22.00 je sledila stroga ti\u0161ina zaradi drugih obiskovalcev hotela.<\/p>\n<p>Zbudili smo se zgodaj, saj smo imeli zajtrk ob 7.00 zjutraj. Hrana je bila zelo raznolika in okusna. Po zajtrku smo se spakirali in se odpravili na nove dogodiv\u0161\u010dine po Nem\u010diji.<\/p>\n<p>Prva to\u010dka je bil razgledni stolp, na katerega smo se povzpeli z dvigalom. S stolpa je bilo mo\u010d videti celo mesto. Bil je prekrasen razgled. Lahko smo bili v zaprtem prostoru ali pa smo \u0161li ven in si vse ogledali z daljnogledom. Nato smo \u0161li v trgovino in si kupili kak\u0161en spomin\u010dek.<\/p>\n<p>Za stolpom je sledilo koncentracijsko&nbsp; tabori\u0161\u010de Dachau. Dobili smo avdio vodi\u010de in se sami sprehajali po sobah. Bilo je zanimivo, a hkrati nas je preplavil ob\u010dutek groze, ko smo se postavili v ko\u017eo tistih, ki so do\u017eiveli to mu\u010denje. Odpravit smo se \u017eeleli tudi v BMW Welt, a se \u017eal nismo, ker nam je zmanjkalo \u010dasa. Sledil je ogled mesta. \u0160li smo na osrednji trg Marienplatz ter tam imeli 2 uri prostega \u010dasa. Lahko smo \u0161li jest ali v trgovino.<\/p>\n<p>Po napornem dnevu nas je \u010dakala pot domov, ki je minila hitro, saj smo skoraj vsi spali. Domov smo pri\u0161li ob 1.00 zjutraj, kjer so nas pri\u010dakali star\u0161i.<\/p>\n<p>Izlet je bil zelo aktiven, zanimiv in pou\u010den in tega bi si \u017eeleli \u0161e ve\u010d.&nbsp;&nbsp;&nbsp;&nbsp;&nbsp;<\/p>\n<p><strong>&nbsp;<\/strong><\/p>\n<p><strong>NOVINARKE in udele\u017eenke izleta: Neja \u0160tefani\u010d, Lucija \u0160tefani\u010d, Ne\u017ea Sirk in Katja Cerar, vse 9. r.<\/strong><\/p>\nngg_shortcode_0_placeholder\n","protected":false},"excerpt":{"rendered":"<p>Na izlet v Nem\u010dijo smo se odpravili v torek, 25. 4. 2023. Pred \u0161olo smo se zbrali ob 3.00 zjutraj in se odpravili na dolgo pot. Do cilja smo imeli 3 postanke. Potovali smo 9 ur. V Nem\u010dijo smo prispeli ob 13.00 popoldne. Najprej smo si ogledali Tehni\u0161ki muzej Deutches Museum, ki je najve\u010dji na [&hellip;]<\/p>\n","protected":false},"author":95171,"featured_media":30640,"comment_status":"closed","ping_status":"closed","sticky":false,"template":"","format":"standard","meta":{"_et_pb_use_builder":"","_et_pb_old_content":"","_et_gb_content_width":"","ngg_post_thumbnail":0,"footnotes":"","_expiration-date-status":"","_expiration-date":0,"_expiration-date-type":"","_expiration-date-categories":[],"_expiration-date-options":[]},"categories":[10],"tags":[],"class_list":["post-30597","post","type-post","status-publish","format-standard","has-post-thumbnail","hentry","category-nedavni-dogodki"],"_links":{"self":[{"href":"https:\/\/www.os-dragatus.si\/index.php?rest_route=\/wp\/v2\/posts\/30597","targetHints":{"allow":["GET"]}}],"collection":[{"href":"https:\/\/www.os-dragatus.si\/index.php?rest_route=\/wp\/v2\/posts"}],"about":[{"href":"https:\/\/www.os-dragatus.si\/index.php?rest_route=\/wp\/v2\/types\/post"}],"author":[{"embeddable":true,"href":"https:\/\/www.os-dragatus.si\/index.php?rest_route=\/wp\/v2\/users\/95171"}],"replies":[{"embeddable":true,"href":"https:\/\/www.os-dragatus.si\/index.php?rest_route=%2Fwp%2Fv2%2Fcomments&post=30597"}],"version-history":[{"count":2,"href":"https:\/\/www.os-dragatus.si\/index.php?rest_route=\/wp\/v2\/posts\/30597\/revisions"}],"predecessor-version":[{"id":30642,"href":"https:\/\/www.os-dragatus.si\/index.php?rest_route=\/wp\/v2\/posts\/30597\/revisions\/30642"}],"wp:featuredmedia":[{"embeddable":true,"href":"https:\/\/www.os-dragatus.si\/index.php?rest_route=\/wp\/v2\/media\/30640"}],"wp:attachment":[{"href":"https:\/\/www.os-dragatus.si\/index.php?rest_route=%2Fwp%2Fv2%2Fmedia&parent=30597"}],"wp:term":[{"taxonomy":"category","embeddable":true,"href":"https:\/\/www.os-dragatus.si\/index.php?rest_route=%2Fwp%2Fv2%2Fcategories&post=30597"},{"taxonomy":"post_tag","embeddable":true,"href":"https:\/\/www.os-dragatus.si\/index.php?rest_route=%2Fwp%2Fv2%2Ftags&post=30597"}],"curies":[{"name":"wp","href":"https:\/\/api.w.org\/{rel}","templated":true}]}}